{"id":47,"date":"2015-02-01T17:40:47","date_gmt":"2015-02-01T17:40:47","guid":{"rendered":"http:\/\/www.deportivamente.com\/wordpress\/?p=47"},"modified":"2020-01-21T08:01:06","modified_gmt":"2020-01-21T08:01:06","slug":"servicios-a-clubs-y-entidades-deportivas","status":"publish","type":"post","link":"https:\/\/www.deportivamente.com\/wordpress\/servicios-a-clubs-y-entidades-deportivas\/","title":{"rendered":"Servicios a clubs y entidades deportivas"},"content":{"rendered":"<div id=\"cs-content\" class=\"cs-content\" ><div id=\"x-section-1\" class=\"x-section\" style=\"margin: 0px;padding: 45px 0px; background-color: transparent;\"  ><div class=\"x-container max width\" style=\"margin: 0px auto;padding: 0px;\"  ><div  class=\"x-column x-sm x-1-1\" style=\"padding: 0px;\" >[rev_slider clubes]<\/div><\/div><\/div><div id=\"x-section-2\" class=\"x-section\" style=\"margin: 0px;padding: 45px 0px; background-color: transparent;\"  ><div class=\"x-container max width\" style=\"margin: 0px auto;padding: 0px;\"  ><div  class=\"x-column x-sm x-1-1\" style=\"padding: 0px;\" ><div class=\"x-text\"  ><p>En este apartado ofrecemos servicios relacionados con la formaci\u00f3n o la gesti\u00f3n del marketing y comunicaci\u00f3n destinados a diferentes p\u00fablicos objetivos:<\/p>\n<\/div>\n<span class=\"e47-9 x-image\" >\n  <img alt=\"Image\" src=\"https:\/\/www.deportivamente.com\/wordpress\/wp-content\/uploads\/2015\/02\/oliver-en-outdoor-trainning.jpg\" width=\"550\" height=\"400\" >\n<\/span>\n<ul  class=\"x-feature-list\"  data-x-element=\"feature_list\" data-x-params=\"{&quot;animationOffset&quot;:&quot;50&quot;,&quot;animationDelayInitial&quot;:&quot;0&quot;,&quot;animationDelayBetween&quot;:&quot;300&quot;}\" ><li  class=\"x-feature-box left-text top-text cf\" style=\" max-width: none;\" data-x-element=\"feature_box\" data-x-params=\"{&quot;child&quot;:true,&quot;graphicAnimation&quot;:&quot;none&quot;,&quot;connectorAnimation&quot;:&quot;none&quot;,&quot;alignH&quot;:&quot;left&quot;,&quot;alignV&quot;:&quot;top&quot;}\" ><span class=\"x-feature-box-connector full\" style=\"font-size: 60px; left: 0; right: calc(100% - 60px); border-left: 1px dashed #272727;\"><\/span><div class=\"x-feature-box-graphic circle \"><div class=\"x-feature-box-graphic-outer circle\" style=\" margin-right: 20px;\"><div class=\"x-feature-box-graphic-inner circle\" style=\"font-size: 60px;\"><i class=\"x-icon-diamond circle\" data-x-icon-s=\"&#xf3a5;\"  style=\"margin: 0 auto; color: #ffffff; background-color: #2ecc71;\"><\/i><\/div><\/div><\/div><div class=\"x-feature-box-content \"><h4 class=\"x-feature-box-title\">Entrenadores de todas las categor\u00edas de competici\u00f3n<\/h4><p class=\"x-feature-box-text\"><\/p><\/div><\/li><li  class=\"x-feature-box left-text top-text cf\" style=\" max-width: none;\" data-x-element=\"feature_box\" data-x-params=\"{&quot;child&quot;:true,&quot;graphicAnimation&quot;:&quot;none&quot;,&quot;connectorAnimation&quot;:&quot;none&quot;,&quot;alignH&quot;:&quot;left&quot;,&quot;alignV&quot;:&quot;top&quot;}\" ><span class=\"x-feature-box-connector full\" style=\"font-size: 60px; left: 0; right: calc(100% - 60px); border-left: 1px dashed #272727;\"><\/span><div class=\"x-feature-box-graphic circle \"><div class=\"x-feature-box-graphic-outer circle\" style=\" margin-right: 20px;\"><div class=\"x-feature-box-graphic-inner circle\" style=\"font-size: 60px;\"><i class=\"x-icon-bicycle circle\" data-x-icon-s=\"&#xf206;\"  style=\"margin: 0 auto; color: #ffffff; background-color: #2ecc71;\"><\/i><\/div><\/div><\/div><div class=\"x-feature-box-content \"><h4 class=\"x-feature-box-title\">Entrenadores de iniciaci\u00f3n y formaci\u00f3n deportiva (deporte base)<\/h4><p class=\"x-feature-box-text\"><\/p><\/div><\/li><li  class=\"x-feature-box left-text top-text cf\" style=\" max-width: none;\" data-x-element=\"feature_box\" data-x-params=\"{&quot;child&quot;:true,&quot;graphicAnimation&quot;:&quot;none&quot;,&quot;connectorAnimation&quot;:&quot;none&quot;,&quot;alignH&quot;:&quot;left&quot;,&quot;alignV&quot;:&quot;top&quot;}\" ><span class=\"x-feature-box-connector full\" style=\"font-size: 60px; left: 0; right: calc(100% - 60px); border-left: 1px dashed #272727;\"><\/span><div class=\"x-feature-box-graphic circle \"><div class=\"x-feature-box-graphic-outer circle\" style=\" margin-right: 20px;\"><div class=\"x-feature-box-graphic-inner circle\" style=\"font-size: 60px;\"><i class=\"x-icon-envelope-o circle\" data-x-icon-o=\"&#xf0e0;\"  style=\"margin: 0 auto; color: #ffffff; background-color: #2ecc71;\"><\/i><\/div><\/div><\/div><div class=\"x-feature-box-content \"><h4 class=\"x-feature-box-title\">Deportistas y jugadores<\/h4><p class=\"x-feature-box-text\"><\/p><\/div><\/li><li  class=\"x-feature-box left-text top-text cf\" style=\" max-width: none;\" data-x-element=\"feature_box\" data-x-params=\"{&quot;child&quot;:true,&quot;graphicAnimation&quot;:&quot;none&quot;,&quot;connectorAnimation&quot;:&quot;none&quot;,&quot;alignH&quot;:&quot;left&quot;,&quot;alignV&quot;:&quot;top&quot;}\" ><span class=\"x-feature-box-connector full\" style=\"font-size: 60px; left: 0; right: calc(100% - 60px); border-left: 1px dashed #272727;\"><\/span><div class=\"x-feature-box-graphic square \"><div class=\"x-feature-box-graphic-outer square\" style=\" margin-right: 20px;\"><div class=\"x-feature-box-graphic-inner square\" style=\"font-size: 60px;\"><i class=\"x-icon-ship square\" data-x-icon-s=\"&#xf21a;\"  style=\"margin: 0 auto; color: #ffffff; background-color: #2ecc71;\"><\/i><\/div><\/div><\/div><div class=\"x-feature-box-content \"><h4 class=\"x-feature-box-title\">Padres<\/h4><p class=\"x-feature-box-text\"><\/p><\/div><\/li><li  class=\"x-feature-box left-text top-text cf\" style=\" max-width: none;\" data-x-element=\"feature_box\" data-x-params=\"{&quot;child&quot;:true,&quot;graphicAnimation&quot;:&quot;none&quot;,&quot;connectorAnimation&quot;:&quot;none&quot;,&quot;alignH&quot;:&quot;left&quot;,&quot;alignV&quot;:&quot;top&quot;}\" ><span class=\"x-feature-box-connector full\" style=\"font-size: 60px; left: 0; right: calc(100% - 60px); border-left: 1px dashed #272727;\"><\/span><div class=\"x-feature-box-graphic square \"><div class=\"x-feature-box-graphic-outer square\" style=\" margin-right: 20px;\"><div class=\"x-feature-box-graphic-inner square\" style=\"font-size: 60px;\"><i class=\"x-icon-ship square\" data-x-icon-s=\"&#xf21a;\"  style=\"margin: 0 auto; color: #ffffff; background-color: #2ecc71;\"><\/i><\/div><\/div><\/div><div class=\"x-feature-box-content \"><h4 class=\"x-feature-box-title\">Gestores y directivos<\/h4><p class=\"x-feature-box-text\"><\/p><\/div><\/li><li  class=\"x-feature-box left-text top-text cf\" style=\" max-width: none;\" data-x-element=\"feature_box\" data-x-params=\"{&quot;child&quot;:true,&quot;graphicAnimation&quot;:&quot;none&quot;,&quot;connectorAnimation&quot;:&quot;none&quot;,&quot;alignH&quot;:&quot;left&quot;,&quot;alignV&quot;:&quot;top&quot;}\" ><span class=\"x-feature-box-connector full\" style=\"font-size: 60px; left: 0; right: calc(100% - 60px); border-left: 1px dashed #272727;\"><\/span><div class=\"x-feature-box-graphic square \"><div class=\"x-feature-box-graphic-outer square\" style=\" margin-right: 20px;\"><div class=\"x-feature-box-graphic-inner square\" style=\"font-size: 60px;\"><i class=\"x-icon-ship square\" data-x-icon-s=\"&#xf21a;\"  style=\"margin: 0 auto; color: #ffffff; background-color: #2ecc71;\"><\/i><\/div><\/div><\/div><div class=\"x-feature-box-content \"><h4 class=\"x-feature-box-title\">Proyectos y programas institucionales relacionados con el \u00e1mbito deportivo<\/h4><p class=\"x-feature-box-text\">psicolog\u00eda, integraci\u00f3n social a trav\u00e9s del deporte, RRHH y marketing<\/p><\/div><\/li><li  class=\"x-feature-box left-text top-text cf\" style=\" max-width: none;\" data-x-element=\"feature_box\" data-x-params=\"{&quot;child&quot;:true,&quot;graphicAnimation&quot;:&quot;none&quot;,&quot;connectorAnimation&quot;:&quot;none&quot;,&quot;alignH&quot;:&quot;left&quot;,&quot;alignV&quot;:&quot;top&quot;}\" ><span class=\"x-feature-box-connector full\" style=\"font-size: 60px; left: 0; right: calc(100% - 60px); border-left: 1px dashed #272727;\"><\/span><div class=\"x-feature-box-graphic square \"><div class=\"x-feature-box-graphic-outer square\" style=\" margin-right: 20px;\"><div class=\"x-feature-box-graphic-inner square\" style=\"font-size: 60px;\"><i class=\"x-icon-ship square\" data-x-icon-s=\"&#xf21a;\"  style=\"margin: 0 auto; color: #ffffff; background-color: #2ecc71;\"><\/i><\/div><\/div><\/div><div class=\"x-feature-box-content \"><h4 class=\"x-feature-box-title\">Organizaci\u00f3n de seminarios, conferencias y Congresos relacionados con el deporte, la gesti\u00f3n y el marketing deportivo<\/h4><p class=\"x-feature-box-text\"><\/p><\/div><\/li><li  class=\"x-feature-box left-text top-text cf\" style=\" max-width: none;\" data-x-element=\"feature_box\" data-x-params=\"{&quot;child&quot;:true,&quot;graphicAnimation&quot;:&quot;none&quot;,&quot;connectorAnimation&quot;:&quot;none&quot;,&quot;alignH&quot;:&quot;left&quot;,&quot;alignV&quot;:&quot;top&quot;}\" ><span class=\"x-feature-box-connector full\" style=\"font-size: 60px; left: 0; right: calc(100% - 60px); border-left: 1px dashed #272727;\"><\/span><div class=\"x-feature-box-graphic square \"><div class=\"x-feature-box-graphic-outer square\" style=\" margin-right: 20px;\"><div class=\"x-feature-box-graphic-inner square\" style=\"font-size: 60px;\"><i class=\"x-icon-ship square\" data-x-icon-s=\"&#xf21a;\"  style=\"margin: 0 auto; color: #ffffff; background-color: #2ecc71;\"><\/i><\/div><\/div><\/div><div class=\"x-feature-box-content \"><h4 class=\"x-feature-box-title\">Redacci\u00f3n y confecci\u00f3n de libros y manuales sobre psicolog\u00eda del deporte<\/h4><p class=\"x-feature-box-text\">Ejemplo, Publicaci\u00f3n por la Diputaci\u00f3 de Barcelona (\u00c1rea d\u00b4esports), el \u201cManual de formaci\u00f3n psicopedag\u00f3gica para entrenadores de iniciaci\u00f3n deportiva\u201d(2000) y la Federaci\u00f3n Catalana de B\u00e0squet (Comit\u00e8 T\u00e8cnic d\u00b4\u00e0rbitres) el libro: \u201cL\u00b4arbitratge com a oportunitat social\u201d(2009)(\u201cEl arbitraje como oportunidad social\u201d en castellano.)<\/p><\/div><\/li><li  class=\"x-feature-box left-text top-text cf\" style=\" max-width: none;\" data-x-element=\"feature_box\" data-x-params=\"{&quot;child&quot;:true,&quot;graphicAnimation&quot;:&quot;none&quot;,&quot;connectorAnimation&quot;:&quot;none&quot;,&quot;alignH&quot;:&quot;left&quot;,&quot;alignV&quot;:&quot;top&quot;}\" ><span class=\"x-feature-box-connector full\" style=\"font-size: 60px; left: 0; right: calc(100% - 60px); border-left: 1px dashed #272727;\"><\/span><div class=\"x-feature-box-graphic square \"><div class=\"x-feature-box-graphic-outer square\" style=\" margin-right: 20px;\"><div class=\"x-feature-box-graphic-inner square\" style=\"font-size: 60px;\"><i class=\"x-icon-ship square\" data-x-icon-s=\"&#xf21a;\"  style=\"margin: 0 auto; color: #ffffff; background-color: #2ecc71;\"><\/i><\/div><\/div><\/div><div class=\"x-feature-box-content \"><h4 class=\"x-feature-box-title\">Selecci\u00f3n de empleados, mandos intermedios y ejecutivos del deporte<\/h4><p class=\"x-feature-box-text\"><\/p><\/div><\/li><li  class=\"x-feature-box left-text top-text cf\" style=\" max-width: none;\" data-x-element=\"feature_box\" data-x-params=\"{&quot;child&quot;:true,&quot;graphicAnimation&quot;:&quot;none&quot;,&quot;connectorAnimation&quot;:&quot;none&quot;,&quot;alignH&quot;:&quot;left&quot;,&quot;alignV&quot;:&quot;top&quot;}\" ><span class=\"x-feature-box-connector full\" style=\"font-size: 60px; left: 0; right: calc(100% - 60px); border-left: 1px dashed #272727;\"><\/span><div class=\"x-feature-box-graphic square \"><div class=\"x-feature-box-graphic-outer square\" style=\" margin-right: 20px;\"><div class=\"x-feature-box-graphic-inner square\" style=\"font-size: 60px;\"><i class=\"x-icon-ship square\" data-x-icon-s=\"&#xf21a;\"  style=\"margin: 0 auto; color: #ffffff; background-color: #2ecc71;\"><\/i><\/div><\/div><\/div><div class=\"x-feature-box-content \"><h4 class=\"x-feature-box-title\">Consultor\u00eda externa en RRHH de las entidades deportivas<\/h4><p class=\"x-feature-box-text\"><\/p><\/div><\/li><\/ul><div class=\"x-text\"  ><h2>Marketing deportivo<\/h2>\n<\/div>\n<span class=\"e47-22 x-image\" >\n  <img alt=\"Image\" src=\"https:\/\/www.deportivamente.com\/wordpress\/wp-content\/uploads\/2015\/03\/demandas-Ayuntamiento.jpg\" width=\"960\" height=\"540\" >\n<\/span>\n<ul  class=\"x-feature-list\"  data-x-element=\"feature_list\" data-x-params=\"{&quot;animationOffset&quot;:&quot;50&quot;,&quot;animationDelayInitial&quot;:&quot;0&quot;,&quot;animationDelayBetween&quot;:&quot;300&quot;}\" ><li  class=\"x-feature-box left-text top-text cf\" style=\" max-width: none;\" data-x-element=\"feature_box\" data-x-params=\"{&quot;child&quot;:true,&quot;graphicAnimation&quot;:&quot;none&quot;,&quot;connectorAnimation&quot;:&quot;none&quot;,&quot;alignH&quot;:&quot;left&quot;,&quot;alignV&quot;:&quot;top&quot;}\" ><span class=\"x-feature-box-connector full\" style=\"font-size: 60px; left: 0; right: calc(100% - 60px); border-left: 1px dashed #272727;\"><\/span><div class=\"x-feature-box-graphic circle \"><div class=\"x-feature-box-graphic-outer circle\" style=\" margin-right: 20px;\"><div class=\"x-feature-box-graphic-inner circle\" style=\"font-size: 60px;\"><i class=\"x-icon-diamond circle\" data-x-icon-s=\"&#xf3a5;\"  style=\"margin: 0 auto; color: #ffffff; background-color: #2ecc71;\"><\/i><\/div><\/div><\/div><div class=\"x-feature-box-content \"><h4 class=\"x-feature-box-title\">Estudios de mercado cualitativos y cuantitativos sobre productos y consumidores del deporte<\/h4><p class=\"x-feature-box-text\"><\/p><\/div><\/li><li  class=\"x-feature-box left-text top-text cf\" style=\" max-width: none;\" data-x-element=\"feature_box\" data-x-params=\"{&quot;child&quot;:true,&quot;graphicAnimation&quot;:&quot;none&quot;,&quot;connectorAnimation&quot;:&quot;none&quot;,&quot;alignH&quot;:&quot;left&quot;,&quot;alignV&quot;:&quot;top&quot;}\" ><span class=\"x-feature-box-connector full\" style=\"font-size: 60px; left: 0; right: calc(100% - 60px); border-left: 1px dashed #272727;\"><\/span><div class=\"x-feature-box-graphic circle \"><div class=\"x-feature-box-graphic-outer circle\" style=\" margin-right: 20px;\"><div class=\"x-feature-box-graphic-inner circle\" style=\"font-size: 60px;\"><i class=\"x-icon-bicycle circle\" data-x-icon-s=\"&#xf206;\"  style=\"margin: 0 auto; color: #ffffff; background-color: #2ecc71;\"><\/i><\/div><\/div><\/div><div class=\"x-feature-box-content \"><h4 class=\"x-feature-box-title\">Planes de fidelizaci\u00f3n y adherencia<\/h4><p class=\"x-feature-box-text\"><\/p><\/div><\/li><li  class=\"x-feature-box left-text top-text cf\" style=\" max-width: none;\" data-x-element=\"feature_box\" data-x-params=\"{&quot;child&quot;:true,&quot;graphicAnimation&quot;:&quot;none&quot;,&quot;connectorAnimation&quot;:&quot;none&quot;,&quot;alignH&quot;:&quot;left&quot;,&quot;alignV&quot;:&quot;top&quot;}\" ><span class=\"x-feature-box-connector full\" style=\"font-size: 60px; left: 0; right: calc(100% - 60px); border-left: 1px dashed #272727;\"><\/span><div class=\"x-feature-box-graphic circle \"><div class=\"x-feature-box-graphic-outer circle\" style=\" margin-right: 20px;\"><div class=\"x-feature-box-graphic-inner circle\" style=\"font-size: 60px;\"><i class=\"x-icon-envelope-o circle\" data-x-icon-o=\"&#xf0e0;\"  style=\"margin: 0 auto; color: #ffffff; background-color: #2ecc71;\"><\/i><\/div><\/div><\/div><div class=\"x-feature-box-content \"><h4 class=\"x-feature-box-title\">Planes de captaci\u00f3n de socios y abonados a clubs deportivos<\/h4><p class=\"x-feature-box-text\"><\/p><\/div><\/li><li  class=\"x-feature-box left-text top-text cf\" style=\" max-width: none;\" data-x-element=\"feature_box\" data-x-params=\"{&quot;child&quot;:true,&quot;graphicAnimation&quot;:&quot;none&quot;,&quot;connectorAnimation&quot;:&quot;none&quot;,&quot;alignH&quot;:&quot;left&quot;,&quot;alignV&quot;:&quot;top&quot;}\" ><span class=\"x-feature-box-connector full\" style=\"font-size: 60px; left: 0; right: calc(100% - 60px); border-left: 1px dashed #272727;\"><\/span><div class=\"x-feature-box-graphic square \"><div class=\"x-feature-box-graphic-outer square\" style=\" margin-right: 20px;\"><div class=\"x-feature-box-graphic-inner square\" style=\"font-size: 60px;\"><i class=\"x-icon-ship square\" data-x-icon-s=\"&#xf21a;\"  style=\"margin: 0 auto; color: #ffffff; background-color: #2ecc71;\"><\/i><\/div><\/div><\/div><div class=\"x-feature-box-content \"><h4 class=\"x-feature-box-title\">Dise\u00f1o de campa\u00f1as de comunicaci\u00f3n y publicidad<\/h4><p class=\"x-feature-box-text\"><\/p><\/div><\/li><li  class=\"x-feature-box left-text top-text cf\" style=\" max-width: none;\" data-x-element=\"feature_box\" data-x-params=\"{&quot;child&quot;:true,&quot;graphicAnimation&quot;:&quot;none&quot;,&quot;connectorAnimation&quot;:&quot;none&quot;,&quot;alignH&quot;:&quot;left&quot;,&quot;alignV&quot;:&quot;top&quot;}\" ><span class=\"x-feature-box-connector full\" style=\"font-size: 60px; left: 0; right: calc(100% - 60px); border-left: 1px dashed #272727;\"><\/span><div class=\"x-feature-box-graphic square \"><div class=\"x-feature-box-graphic-outer square\" style=\" margin-right: 20px;\"><div class=\"x-feature-box-graphic-inner square\" style=\"font-size: 60px;\"><i class=\"x-icon-ship square\" data-x-icon-s=\"&#xf21a;\"  style=\"margin: 0 auto; color: #ffffff; background-color: #2ecc71;\"><\/i><\/div><\/div><\/div><div class=\"x-feature-box-content \"><h4 class=\"x-feature-box-title\">Imagen corporativa (dise\u00f1o y desarrollo) y posicionamiento<\/h4><p class=\"x-feature-box-text\"><\/p><\/div><\/li><\/ul><\/div><\/div><\/div><\/div>\n","protected":false},"excerpt":{"rendered":"<p>En este apartado ofrecemos servicios relacionados con la formaci\u00f3n o la gesti\u00f3n del marketing y comunicaci\u00f3n destinados a diferentes p\u00fablicos objetivos: psicolog\u00eda, integraci\u00f3n social a trav\u00e9s del deporte, RRHH y marketing Ejemplo, Publicaci\u00f3n por la Diputaci\u00f3 de Barcelona (\u00c1rea d\u00b4esports), el \u201cManual de formaci\u00f3n psicopedag\u00f3gica para entrenadores de iniciaci\u00f3n deportiva\u201d(2000) y la Federaci\u00f3n Catalana de B\u00e0squet (Comit\u00e8 T\u00e8cnic d\u00b4\u00e0rbitres) el libro: \u201cL\u00b4arbitratge com a oportunitat social\u201d(2009)(\u201cEl arbitraje como oportunidad social\u201d en castellano.)<\/p>\n","protected":false},"author":1,"featured_media":220,"comment_status":"closed","ping_status":"closed","sticky":false,"template":"","format":"standard","meta":[],"categories":[64],"tags":[],"aioseo_notices":[],"_links":{"self":[{"href":"https:\/\/www.deportivamente.com\/wordpress\/wp-json\/wp\/v2\/posts\/47"}],"collection":[{"href":"https:\/\/www.deportivamente.com\/wordpress\/wp-json\/wp\/v2\/posts"}],"about":[{"href":"https:\/\/www.deportivamente.com\/wordpress\/wp-json\/wp\/v2\/types\/post"}],"author":[{"embeddable":true,"href":"https:\/\/www.deportivamente.com\/wordpress\/wp-json\/wp\/v2\/users\/1"}],"replies":[{"embeddable":true,"href":"https:\/\/www.deportivamente.com\/wordpress\/wp-json\/wp\/v2\/comments?post=47"}],"version-history":[{"count":17,"href":"https:\/\/www.deportivamente.com\/wordpress\/wp-json\/wp\/v2\/posts\/47\/revisions"}],"predecessor-version":[{"id":1062,"href":"https:\/\/www.deportivamente.com\/wordpress\/wp-json\/wp\/v2\/posts\/47\/revisions\/1062"}],"wp:featuredmedia":[{"embeddable":true,"href":"https:\/\/www.deportivamente.com\/wordpress\/wp-json\/wp\/v2\/media\/220"}],"wp:attachment":[{"href":"https:\/\/www.deportivamente.com\/wordpress\/wp-json\/wp\/v2\/media?parent=47"}],"wp:term":[{"taxonomy":"category","embeddable":true,"href":"https:\/\/www.deportivamente.com\/wordpress\/wp-json\/wp\/v2\/categories?post=47"},{"taxonomy":"post_tag","embeddable":true,"href":"https:\/\/www.deportivamente.com\/wordpress\/wp-json\/wp\/v2\/tags?post=47"}],"curies":[{"name":"wp","href":"https:\/\/api.w.org\/{rel}","templated":true}]}}